{"id":43828,"date":"2023-10-16T16:38:56","date_gmt":"2023-10-16T16:38:56","guid":{"rendered":"https:\/\/qnetafrica2stg.wpenginepowered.com\/?p=43828"},"modified":"2026-01-27T06:57:31","modified_gmt":"2026-01-27T06:57:31","slug":"couche-ozone-protection-homepure","status":"publish","type":"post","link":"https:\/\/africa.qnet.net\/fr\/produits\/maison-vie-articles\/couche-ozone-protection-homepure\/","title":{"rendered":"M\u00eame la Terre a besoin de cr\u00e8me solaire\u00a0! Pourquoi le trou dans la couche d\u2019ozone est important pour nous tous"},"content":{"rendered":"\n<p>Saviez-vous que la Terre doit porter de la cr\u00e8me solaire ? Tout comme notre peau est br\u00fbl\u00e9e et boursoufl\u00e9e par le soleil lorsque nous ne la prot\u00e9geons pas, la terre se ratatinerait et br\u00fblerait \u00e9galement sans son bouclier : la couche d\u2019ozone.<\/p>\n\n\n\n<p>\u00c0 ne pas confondre avec l&rsquo;ozone troposph\u00e9rique (cette vapeur nocive semblable au \u00ab smog \u00bb qui ravage nos poumons si elle est inhal\u00e9e) la couche d&rsquo;ozone est une merveilleuse couche protectrice dans la stratosph\u00e8re terrestre qui agit comme un bouclier g\u00e9ant, ou un \u00e9cran solaire, enroul\u00e9 autour de la Terre. Elle prot\u00e8ge la terre et nous aussi pour que nous ne soyons pas d\u00e9vast\u00e9s par les rayons UV du soleil.<\/p>\n\n\n\n<p>Sans protection contre la couche d\u2019ozone, la vie v\u00e9g\u00e9tale mourrait, ce qui perturberait la cha\u00eene alimentaire et entra\u00eenerait \u00e0 terme l\u2019extinction de tous les \u00eatres vivants de la plan\u00e8te.<\/p>\n\n\n\n<p>Mais m\u00eame avec la couche d\u2019ozone, nous subissons toujours les effets n\u00e9gatifs des rayons UV du soleil, comme en t\u00e9moignent les maladies humaines telles que les cancers de la peau et la cataracte. Alors, on pourrait penser que nous prot\u00e9gerions \u00e0 tout prix cette cr\u00e8me solaire sp\u00e9ciale, n\u2019est-ce pas ?<\/p>\n\n\n\n<p>Malheureusement, des g\u00e9n\u00e9rations de pollution atmosph\u00e9rique et de produits chimiques nocifs \u2013 en particulier les chlorofluorocarbures (CFC) et les compos\u00e9s organiques volatils (COV) \u2013 ont fait des ravages sur notre plan\u00e8te, notamment en produisant de <a href=\"https:\/\/fr.wikipedia.org\/wiki\/Ozone_troposph%C3%A9rique\" rel=\"nofollow noopener\" target=\"_blank\">l&rsquo;ozone troposph\u00e9rique<\/a> et en creusant un trou dans l&rsquo;ozone stratosph\u00e9rique. notre couche d&rsquo;ozone, permettant aux rayons UV agressifs de frapper et d&rsquo;endommager plus directement notre terre.<\/p>\n\n\n\n<h2 class=\"wp-block-heading\">Pourquoi devrions-nous nous en soucier ?<\/h2>\n\n\n\n<p>L\u2019amincissement de la couche d\u2019ozone peut avoir plusieurs effets directs et indirects sur notre vie quotidienne :<\/p>\n\n\n\n<h3 class=\"wp-block-heading\">Augmentation du rayonnement UV<\/h3>\n\n\n\n<p>L\u2019un des impacts les plus imm\u00e9diats et les plus visibles est l\u2019augmentation du rayonnement ultraviolet (UV) atteignant la surface de la Terre. Cela peut mener \u00e0:<\/p>\n\n\n\n<ul class=\"wp-block-list\">\n<li><strong>Dommages cutan\u00e9s :<\/strong> des niveaux plus \u00e9lev\u00e9s de rayonnement UV peuvent provoquer des coups de soleil, un vieillissement pr\u00e9matur\u00e9 de la peau et un risque accru de cancer de la peau.<\/li>\n\n\n\n<li><strong>Dommages oculaires :<\/strong> une exposition prolong\u00e9e \u00e0 un rayonnement UV accru peut entra\u00eener des probl\u00e8mes oculaires, notamment des cataractes et d\u2019autres probl\u00e8mes de vision.<\/li>\n\n\n\n<li><strong>Syst\u00e8me immunitaire affaibli :<\/strong> certaines \u00e9tudes sugg\u00e8rent qu\u2019une exposition excessive aux rayons UV peut affaiblir le syst\u00e8me immunitaire, nous rendant plus vuln\u00e9rables aux infections.<\/li>\n<\/ul>\n\n\n\n<h3 class=\"wp-block-heading\">Effets environnementaux<\/h3>\n\n\n\n<p>L\u2019amincissement de la couche d\u2019ozone <a href=\"https:\/\/africa.qnet.net\/fr\/rythm-fr\/heritage-vert\/journee-mondiale-environnement-2022\/\">affecte \u00e9galement l\u2019environnement<\/a>, ce qui, \u00e0 son tour, a un impact sur notre vie quotidienne&nbsp;:<\/p>\n\n\n\n<ul class=\"wp-block-list\">\n<li><strong>Impact sur la vie v\u00e9g\u00e9tale<\/strong> : l\u2019augmentation du rayonnement UV peut nuire aux cultures et r\u00e9duire les rendements agricoles, entra\u00eenant potentiellement des p\u00e9nuries alimentaires et une hausse des prix.<\/li>\n\n\n\n<li><strong>Vie marine :<\/strong> les rayons UV peuvent p\u00e9n\u00e9trer la surface de l\u2019oc\u00e9an et nuire aux \u00e9cosyst\u00e8mes marins, notamment aux r\u00e9cifs coralliens et au phytoplancton, qui sont vitaux pour la cha\u00eene alimentaire.<\/li>\n\n\n\n<li><strong>Changement climatique&nbsp;:<\/strong> l&rsquo;appauvrissement de la couche d&rsquo;ozone peut modifier les mod\u00e8les de circulation atmosph\u00e9rique, influen\u00e7ant les conditions m\u00e9t\u00e9orologiques et climatiques \u00e0 l&rsquo;\u00e9chelle mondiale, ce qui peut avoir des effets en cascade sur l&rsquo;agriculture, les ressources en eau et les \u00e9v\u00e9nements m\u00e9t\u00e9orologiques extr\u00eames.<\/li>\n<\/ul>\n\n\n\n<h3 class=\"wp-block-heading\">Co\u00fbts des soins de sant\u00e9<\/h3>\n\n\n\n<p>L\u2019augmentation des cas de cancer de la peau et d\u2019autres probl\u00e8mes de sant\u00e9 li\u00e9s aux UV dus \u00e0 l\u2019appauvrissement de la couche d\u2019ozone peuvent augmenter les co\u00fbts des soins de sant\u00e9 tant pour les individus que pour les gouvernements.<\/p>\n\n\n\n<h3 class=\"wp-block-heading\">Changements de produits<\/h3>\n\n\n\n<p>Pour att\u00e9nuer les effets de l\u2019augmentation des rayons UV, les gens devront peut-\u00eatre acheter et utiliser davantage de cr\u00e8mes solaires, de lunettes de soleil et de v\u00eatements de protection, ce qui aura un impact sur leurs d\u00e9penses personnelles.<\/p>\n\n\n\n<h3 class=\"wp-block-heading\">Qualit\u00e9 de l&rsquo;air<\/h3>\n\n\n\n<p>M\u00eame si l\u2019amincissement de la couche d\u2019ozone n\u2019affecte pas directement la qualit\u00e9 de l\u2019air, les efforts visant \u00e0 lutter contre l\u2019appauvrissement de la couche d\u2019ozone ont conduit \u00e0 des changements dans l\u2019utilisation de produits chimiques, comme l\u2019\u00e9limination progressive des substances appauvrissant la couche d\u2019ozone. Cela peut avoir des effets positifs sur la qualit\u00e9 de l\u2019air, en r\u00e9duisant les probl\u00e8mes respiratoires et en am\u00e9liorant la sant\u00e9 globale.<\/p>\n\n\n\n<h3 class=\"wp-block-heading\">Voyage et tourisme<\/h3>\n\n\n\n<p>L\u2019augmentation du rayonnement UV peut rendre les activit\u00e9s de plein air moins agr\u00e9ables, ce qui a un impact sur les industries du tourisme et des loisirs de plein air. Les gens devront peut-\u00eatre \u00e9galement prendre des pr\u00e9cautions suppl\u00e9mentaires lorsqu\u2019ils voyagent dans des r\u00e9gions o\u00f9 les niveaux d\u2019UV sont plus \u00e9lev\u00e9s.<\/p>\n\n\n\n<h2 class=\"wp-block-heading\">Que pouvez-vous faire pour prot\u00e9ger la couche d\u2019ozone ?<\/h2>\n\n\n\n<p>Aujourd\u2019hui, le 16 septembre, marque le jour o\u00f9 <a href=\"https:\/\/www.un.org\/fr\/observances\/ozone-day\" rel=\"nofollow noopener\" target=\"_blank\">les Nations Unies attirent l\u2019attention internationale sur l\u2019importance de la protection solaire de la Terre<\/a>, avec la <a href=\"https:\/\/www.genevaenvironmentnetwork.org\/fr\/ressources\/nouvelles\/international-day-for-the-preservation-of-the-ozone-layer\/\" rel=\"nofollow noopener\" target=\"_blank\">Journ\u00e9e internationale pour la pr\u00e9servation de la couche d\u2019ozone<\/a>, ou Journ\u00e9e mondiale de l\u2019ozone. Chacun est encourag\u00e9 \u00e0 s\u2019impliquer de toutes les mani\u00e8res possibles.<\/p>\n\n\n\n<h3 class=\"wp-block-heading\">Plantez un arbre ou deux<\/h3>\n\n\n\n<figure class=\"wp-block-image size-large\"><img loading=\"lazy\" loading=\"lazy\" decoding=\"async\" width=\"1024\" height=\"681\" src=\"https:\/\/africa.qnet.net\/wp-content\/uploads\/2023\/10\/plant-a-tree-qnet-652cecca838cf-1024x681.webp\" alt=\"Group of Africans planting trees to help protect the ozone layer\" class=\"wp-image-43790\" srcset=\"https:\/\/africa.qnet.net\/wp-content\/uploads\/2023\/10\/plant-a-tree-qnet-652cecca838cf-1024x681.webp 1024w, https:\/\/africa.qnet.net\/wp-content\/uploads\/2023\/10\/plant-a-tree-qnet-652cecca838cf-300x200.webp 300w, https:\/\/africa.qnet.net\/wp-content\/uploads\/2023\/10\/plant-a-tree-qnet-652cecca838cf-768x511.webp 768w, https:\/\/africa.qnet.net\/wp-content\/uploads\/2023\/10\/plant-a-tree-qnet-652cecca838cf-330x220.webp 330w, https:\/\/africa.qnet.net\/wp-content\/uploads\/2023\/10\/plant-a-tree-qnet-652cecca838cf-420x280.webp 420w, https:\/\/africa.qnet.net\/wp-content\/uploads\/2023\/10\/plant-a-tree-qnet-652cecca838cf-615x410.webp 615w, https:\/\/africa.qnet.net\/wp-content\/uploads\/2023\/10\/plant-a-tree-qnet-652cecca838cf-860x572.webp 860w, https:\/\/africa.qnet.net\/wp-content\/uploads\/2023\/10\/plant-a-tree-qnet-652cecca838cf.webp 1200w\" sizes=\"auto, (max-width: 1024px) 100vw, 1024px\" \/><\/figure>\n\n\n\n<p>L\u2019un des moyens simples, mais pourtant les plus efficaces, de r\u00e9duire les niveaux de dioxyde de carbone tout en augmentant l\u2019oxyg\u00e8ne dans l\u2019atmosph\u00e8re, ce qui contribue \u00e0 pr\u00e9server la couche d\u2019ozone, consiste \u00e0 planter davantage d\u2019arbres.<\/p>\n\n\n\n<h3 class=\"wp-block-heading\">R\u00e9duire l\u2019utilisation de produits chimiques<\/h3>\n\n\n\n<p>Surtout les chlorofluorocarbones (CFC), mais r\u00e9duire l\u2019utilisation de tous les produits chimiques est une \u00e9tape positive vers la sauvegarde de notre plan\u00e8te. Les ioniseurs d\u2019eau qui peuvent modifier le niveau de pH de l\u2019eau afin de minimiser l\u2019utilisation de produits chimiques pour le nettoyage et la d\u00e9sinfection de base (comme l\u2019ioniseur d\u2019eau HomePure Viva de QNET) sont un moyen de r\u00e9duire l\u2019utilisation de produits chimiques dans votre propre maison.<\/p>\n\n\n\n<figure class=\"wp-block-embed is-type-rich is-provider-embed-handler wp-block-embed-embed-handler wp-embed-aspect-16-9 wp-has-aspect-ratio\"><div class=\"wp-block-embed__wrapper\">\n<iframe loading=\"lazy\" title=\"QNET &amp; HomePure present An Ode To My Home: A HomePure Short Film\" width=\"1240\" height=\"698\" src=\"https:\/\/www.youtube.com\/embed\/0fuWr9EBteA?feature=oembed\" frameborder=\"0\" allow=\"accelerometer; autoplay; clipboard-write; encrypted-media; gyroscope; picture-in-picture; web-share\" referrerpolicy=\"strict-origin-when-cross-origin\" allowfullscreen><\/iframe>\n<\/div><\/figure>\n\n\n\n<h3 class=\"wp-block-heading\">Laissez tomber la voiture et marchez ou faites du v\u00e9lo<\/h3>\n\n\n\n<p>R\u00e9duire les \u00e9missions de carbone par tous les moyens possibles est un v\u00e9ritable moyen de reconna\u00eetre et de participer \u00e0 la Journ\u00e9e mondiale de l\u2019ozone et d\u2019encourager les autres \u00e0 faire de m\u00eame.<\/p>\n\n\n\n<h3 class=\"wp-block-heading\">R\u00e9duisez votre contribution \u00e0 la pollution de l\u2019air<\/h3>\n\n\n\n<p>Les COV sont cr\u00e9\u00e9s lors de la d\u00e9gradation des mati\u00e8res organiques, telles que les aliments pour animaux et le fumier, et sont nocifs pour l&rsquo;environnement et contribuent consid\u00e9rablement \u00e0 la mauvaise qualit\u00e9 de l&rsquo;air. Les filtres \u00e0 air et les purificateurs, tels que le purificateur d&rsquo;air <a href=\"https:\/\/www.homepure.com\/homepure\/homepure-zayn\/\" rel=\"nofollow noopener\" target=\"_blank\">HomePure Zayn de QNET<\/a>, peuvent \u00e9liminer activement les COV de l&rsquo;air.<\/p>\n\n\n\n<figure class=\"wp-block-embed is-type-rich is-provider-embed-handler wp-block-embed-embed-handler wp-embed-aspect-16-9 wp-has-aspect-ratio\"><div class=\"wp-block-embed__wrapper\">\n<iframe loading=\"lazy\" title=\"QNET HomePure | Introducing the Antiviral Super Machine, HomePure Zayn Air Purifier\" width=\"1240\" height=\"698\" src=\"https:\/\/www.youtube.com\/embed\/hudDZq_W6no?feature=oembed\" frameborder=\"0\" allow=\"accelerometer; autoplay; clipboard-write; encrypted-media; gyroscope; picture-in-picture; web-share\" referrerpolicy=\"strict-origin-when-cross-origin\" allowfullscreen><\/iframe>\n<\/div><\/figure>\n\n\n\n<p>C\u2019est ce que nous visons \u00e0 mettre en pratique chaque jour dans le cadre de notre engagement envers nos efforts de d\u00e9veloppement durable QNET. N\u2019oubliez pas que nos actions ne visent pas seulement \u00e0 prot\u00e9ger la couche d\u2019ozone ; il s\u2019agit d\u2019assurer une meilleure qualit\u00e9 de vie pour nous-m\u00eames, nos familles et les g\u00e9n\u00e9rations futures. Faisons de chaque jour une journ\u00e9e respectueuse de la Terre et contribuons \u00e0 la durabilit\u00e9 durable de notre monde.<\/p>\n","protected":false},"excerpt":{"rendered":"<p>Saviez-vous que la Terre doit porter de la cr\u00e8me solaire ? Tout comme notre peau est br\u00fbl\u00e9e et boursoufl\u00e9e par le soleil lorsque nous ne la prot\u00e9geons pas, la terre se ratatinerait et br\u00fblerait \u00e9galement sans son bouclier : la couche d\u2019ozone. \u00c0 ne pas confondre avec l&rsquo;ozone troposph\u00e9rique (cette vapeur nocive semblable au \u00ab [&hellip;]<\/p>\n","protected":false},"author":13,"featured_media":43794,"comment_status":"open","ping_status":"closed","sticky":false,"template":"","format":"standard","meta":{"footnotes":""},"categories":[2722,2729],"tags":[3439],"class_list":{"0":"post-43828","1":"post","2":"type-post","3":"status-publish","4":"format-standard","5":"has-post-thumbnail","7":"category-maison-vie-articles","8":"category-durabilite","9":"tag-bureau-propre"},"_links":{"self":[{"href":"https:\/\/africa.qnet.net\/fr\/wp-json\/wp\/v2\/posts\/43828","targetHints":{"allow":["GET"]}}],"collection":[{"href":"https:\/\/africa.qnet.net\/fr\/wp-json\/wp\/v2\/posts"}],"about":[{"href":"https:\/\/africa.qnet.net\/fr\/wp-json\/wp\/v2\/types\/post"}],"author":[{"embeddable":true,"href":"https:\/\/africa.qnet.net\/fr\/wp-json\/wp\/v2\/users\/13"}],"replies":[{"embeddable":true,"href":"https:\/\/africa.qnet.net\/fr\/wp-json\/wp\/v2\/comments?post=43828"}],"version-history":[{"count":0,"href":"https:\/\/africa.qnet.net\/fr\/wp-json\/wp\/v2\/posts\/43828\/revisions"}],"wp:featuredmedia":[{"embeddable":true,"href":"https:\/\/africa.qnet.net\/fr\/wp-json\/wp\/v2\/media\/43794"}],"wp:attachment":[{"href":"https:\/\/africa.qnet.net\/fr\/wp-json\/wp\/v2\/media?parent=43828"}],"wp:term":[{"taxonomy":"category","embeddable":true,"href":"https:\/\/africa.qnet.net\/fr\/wp-json\/wp\/v2\/categories?post=43828"},{"taxonomy":"post_tag","embeddable":true,"href":"https:\/\/africa.qnet.net\/fr\/wp-json\/wp\/v2\/tags?post=43828"}],"curies":[{"name":"wp","href":"https:\/\/api.w.org\/{rel}","templated":true}]}}